{"id":1253,"date":"2020-10-04T18:22:09","date_gmt":"2020-10-04T16:22:09","guid":{"rendered":"https:\/\/iska-marina.fr\/?p=1253"},"modified":"2020-10-10T13:39:43","modified_gmt":"2020-10-10T11:39:43","slug":"que-de-visites","status":"publish","type":"post","link":"https:\/\/iska-marina.fr\/index.php\/2020\/10\/04\/que-de-visites\/","title":{"rendered":"Que de visites !"},"content":{"rendered":"\n<p class=\"has-text-align-justify\">Depuis la rentr\u00e9e, nous avons eu de la visite sur la ferme ! <br><br>Tout d&rsquo;abord, nous avons accueilli l&rsquo;\u00e9quipe du <a rel=\"noreferrer noopener\" href=\"https:\/\/le-grangousier-langon.eatbu.com\/?lang=fr\" data-type=\"URL\" data-id=\"https:\/\/le-grangousier-langon.eatbu.com\/?lang=fr\" target=\"_blank\">Grangousier<\/a> (le restaurant langonnais qui propose nos viandes \u00e0 sa carte) pour un pique-nique champ\u00eatre, au milieu du troupeau de brebis !<\/p>\n\n\n\n<iframe loading=\"lazy\" src=\"https:\/\/www.facebook.com\/plugins\/post.php?href=https%3A%2F%2Fwww.facebook.com%2Fferme.iska.marina%2Fposts%2F3548461361839570&amp;width=500\" width=\"500\" height=\"794\" style=\"border:none;overflow:hidden\" scrolling=\"no\" frameborder=\"0\" allowtransparency=\"true\" allow=\"encrypted-media\"><\/iframe>\n\n\n\n<iframe loading=\"lazy\" src=\"https:\/\/www.facebook.com\/plugins\/post.php?href=https%3A%2F%2Fwww.facebook.com%2Fferme.iska.marina%2Fposts%2F3452134548138919&amp;width=500\" width=\"500\" height=\"633\" style=\"border:none;overflow:hidden\" scrolling=\"no\" frameborder=\"0\" allowtransparency=\"true\" allow=\"encrypted-media\"><\/iframe>\n\n\n\n<p class=\"has-text-align-justify\">Le 18 septembre, Iska a fait visiter les troupeaux \u00e0 un groupe d&rsquo;\u00e9tudiants de Bordeaux Science Agro, accompagn\u00e9s par Guillaume Durand, Ma\u00eetre de conf\u00e9rences en production animale, qui participe aussi \u00e0 la commission de l&rsquo;organisme de s\u00e9lection de la brebis Landaise. Ils ont pu d\u00e9couvrir, dans la matin\u00e9e, la conduite d&rsquo;\u00e9levage de nos vaches et de nos brebis : agriculture biologique, plein air int\u00e9gral, 100% herbe, choix de races anciennes menac\u00e9es, p\u00e2turages en sous-bois, soins par les plantes, sont autant de sujets, peu courants dans la plupart des fermes, qui ont \u00e9t\u00e9 \u00e9voqu\u00e9s.  L&rsquo;objectif pour les \u00e9tudiants \u00e9tant de se rendre sur des exploitations tr\u00e8s diverses, ils ont \u00e9t\u00e9 int\u00e9ress\u00e9s par notre d\u00e9marche ; et nous, nous avons appr\u00e9ci\u00e9 pouvoir pr\u00e9senter notre vision alternative \u00e0 ce groupe de futurs techniciens agricoles !<br><\/p>\n\n\n\n<iframe loading=\"lazy\" src=\"https:\/\/www.facebook.com\/plugins\/post.php?href=https%3A%2F%2Fwww.facebook.com%2Fferme.iska.marina%2Fposts%2F3608205682531804&amp;show_text=true&amp;width=552&amp;appId=2075802746037132&amp;height=697\" width=\"552\" height=\"697\" style=\"border:none;overflow:hidden\" scrolling=\"no\" frameborder=\"0\" allowtransparency=\"true\" allow=\"encrypted-media\"><\/iframe>\n\n\n\n<p class=\"has-text-align-justify\">Nous \u00e9tions \u00e9galement pr\u00e9sents au salon de l&rsquo;\u00e9levage et des saveurs, qui s&rsquo;est d\u00e9roul\u00e9 \u00e0 Agen le 19 septembre. Iska y a amen\u00e9 un petit lot de brebis landaises, afin de pr\u00e9senter cette belle race, sur le stand du <a rel=\"noreferrer noopener\" href=\"https:\/\/racesaquitaine.fr\/\" data-type=\"URL\" data-id=\"https:\/\/racesaquitaine.fr\/\" target=\"_blank\">Conservatoire des Races d&rsquo;Aquitaine<\/a>. Accompagn\u00e9 du pr\u00e9sident de l&rsquo;association, et de quelques autres \u00e9leveurs (Cyril et Marc), cela a \u00e9t\u00e9 l&rsquo;occasion de pr\u00e9senter aussi tout le travail du conservatoire, sur les diff\u00e9rentes races menac\u00e9es d&rsquo;Aquitaine.<\/p>\n\n\n\n<iframe loading=\"lazy\" src=\"https:\/\/www.facebook.com\/plugins\/video.php?href=https%3A%2F%2Fwww.facebook.com%2Fferme.iska.marina%2Fvideos%2F3603866836299022%2F&amp;show_text=1&amp;width=476\" width=\"476\" height=\"572\" style=\"border:none;overflow:hidden\" scrolling=\"no\" frameborder=\"0\" allowtransparency=\"true\" allow=\"encrypted-media\" allowfullscreen=\"true\"><\/iframe>\n\n\n\n<p class=\"has-text-align-justify\">C&rsquo;est aussi important d&rsquo;aller vers le grand public pr\u00e9senter ce que nous faisons, m\u00eame s&rsquo;il est toujours plus int\u00e9ressant de venir voir les animaux dans leur vrai milieu, en visitant la ferme !<br>En tout cas, \u00e0 la fin de la journ\u00e9e, Pigaille, Emita et Cie ont appr\u00e9ci\u00e9 de retrouver leurs cong\u00e9n\u00e8res !<\/p>\n\n\n\n<figure class=\"wp-block-image size-large\"><img loading=\"lazy\" decoding=\"async\" width=\"898\" height=\"1024\" data-attachment-id=\"1292\" data-permalink=\"https:\/\/iska-marina.fr\/index.php\/2020\/10\/04\/que-de-visites\/screenshot_20201004-183601\/\" data-orig-file=\"https:\/\/iska-marina.fr\/wp-content\/uploads\/2020\/10\/Screenshot_20201004-183601.png\" data-orig-size=\"1066,1216\" data-comments-opened=\"1\" data-image-meta=\"{&quot;aperture&quot;:&quot;0&quot;,&quot;credit&quot;:&quot;&quot;,&quot;camera&quot;:&quot;&quot;,&quot;caption&quot;:&quot;&quot;,&quot;created_timestamp&quot;:&quot;0&quot;,&quot;copyright&quot;:&quot;&quot;,&quot;focal_length&quot;:&quot;0&quot;,&quot;iso&quot;:&quot;0&quot;,&quot;shutter_speed&quot;:&quot;0&quot;,&quot;title&quot;:&quot;&quot;,&quot;orientation&quot;:&quot;0&quot;}\" data-image-title=\"Screenshot_20201004-183601\" data-image-description=\"\" data-image-caption=\"\" data-medium-file=\"https:\/\/iska-marina.fr\/wp-content\/uploads\/2020\/10\/Screenshot_20201004-183601-263x300.png\" data-large-file=\"https:\/\/iska-marina.fr\/wp-content\/uploads\/2020\/10\/Screenshot_20201004-183601-898x1024.png\" src=\"https:\/\/iska-marina.fr\/wp-content\/uploads\/2020\/10\/Screenshot_20201004-183601-898x1024.png\" alt=\"\" class=\"wp-image-1292\" srcset=\"https:\/\/iska-marina.fr\/wp-content\/uploads\/2020\/10\/Screenshot_20201004-183601-898x1024.png 898w, https:\/\/iska-marina.fr\/wp-content\/uploads\/2020\/10\/Screenshot_20201004-183601-263x300.png 263w, https:\/\/iska-marina.fr\/wp-content\/uploads\/2020\/10\/Screenshot_20201004-183601-768x876.png 768w, https:\/\/iska-marina.fr\/wp-content\/uploads\/2020\/10\/Screenshot_20201004-183601-1024x1168.png 1024w, https:\/\/iska-marina.fr\/wp-content\/uploads\/2020\/10\/Screenshot_20201004-183601-947x1080.png 947w, https:\/\/iska-marina.fr\/wp-content\/uploads\/2020\/10\/Screenshot_20201004-183601.png 1066w\" sizes=\"(max-width: 898px) 100vw, 898px\" \/><\/figure>\n\n\n\n<p class=\"has-text-align-justify\">Plus cocasse, la matin\u00e9e de visite de la DDCSPP pour s&rsquo;assurer de la bonne conformit\u00e9 de l&rsquo;\u00e9levage sur divers aspects : sanitaires, identification, administratif, bien-\u00eatre animal, etc&#8230; Et oui, \u00e7a fait aussi partie du m\u00e9tier ! Bref, tout est en r\u00e8gle.<\/p>\n\n\n\n<p class=\"has-text-align-justify\">Enfin, dans le cadre des TAP (Temps d&rsquo;activit\u00e9s p\u00e9riscolaires) propos\u00e9s par S\u00e9bastien \u00e0 l&rsquo;\u00e9cole primaire de Saint-Martin, les \u00e9l\u00e8ves viendront voir prochainement les brebis, pour la troisi\u00e8me fois ! A croire que le sujet, et surtout l&rsquo;\u00e9leveur \ud83d\ude09 sont intarissables ! Merci \u00e0 S\u00e9bastien de nous donner l&rsquo;occasion de rencontrer les \u00e9l\u00e8ves, et merci \u00e0 ces derniers pour leur curiosit\u00e9 !<\/p>\n\n\n\n<iframe loading=\"lazy\" src=\"https:\/\/www.facebook.com\/plugins\/post.php?href=https%3A%2F%2Fwww.facebook.com%2Fferme.iska.marina%2Fposts%2F3666879436664428&amp;width=500\" width=\"500\" height=\"491\" style=\"border:none;overflow:hidden\" scrolling=\"no\" frameborder=\"0\" allowtransparency=\"true\" allow=\"encrypted-media\"><\/iframe>\n\n\n\n<p>PS: Bienvenue \u00e0 Risette n\u00e9e ce 28 septembre en pleine journ\u00e9e !<\/p>\n\n\n\n<iframe loading=\"lazy\" src=\"https:\/\/www.facebook.com\/plugins\/post.php?href=https%3A%2F%2Fwww.facebook.com%2Fferme.iska.marina%2Fposts%2F3633636566655382&amp;width=500\" width=\"500\" height=\"650\" style=\"border:none;overflow:hidden\" scrolling=\"no\" frameborder=\"0\" allowtransparency=\"true\" allow=\"encrypted-media\"><\/iframe>\n\n\n\n<p>A bient\u00f4t pour de nouvelles visites !<\/p>\n\n\n\n<p>Iska &amp; Marina.<\/p>\n","protected":false},"excerpt":{"rendered":"<p>Depuis la rentr\u00e9e, nous avons eu de la visite sur la ferme ! Tout d&rsquo;abord, nous avons accueilli l&rsquo;\u00e9quipe du Grangousier (le restaurant langonnais qui propose nos viandes \u00e0 sa carte) pour un pique-nique champ\u00eatre, au milieu du troupeau de brebis ! Le 18 septembre, Iska a fait visiter les troupeaux \u00e0 un groupe d&rsquo;\u00e9tudiants&hellip; <br \/> <a class=\"read-more\" href=\"https:\/\/iska-marina.fr\/index.php\/2020\/10\/04\/que-de-visites\/\">Lire la suite<\/a><\/p>\n","protected":false},"author":1,"featured_media":1269,"comment_status":"open","ping_status":"open","sticky":false,"template":"","format":"standard","meta":{"_exactmetrics_skip_tracking":false,"_exactmetrics_sitenote_active":false,"_exactmetrics_sitenote_note":"","_exactmetrics_sitenote_category":0,"jetpack_post_was_ever_published":false,"_jetpack_newsletter_access":"","_jetpack_dont_email_post_to_subs":false,"_jetpack_newsletter_tier_id":0,"_jetpack_memberships_contains_paywalled_content":false,"_jetpack_memberships_contains_paid_content":false,"footnotes":""},"categories":[8],"tags":[],"class_list":["post-1253","post","type-post","status-publish","format-standard","has-post-thumbnail","hentry","category-infos-elevages"],"jetpack_featured_media_url":"https:\/\/iska-marina.fr\/wp-content\/uploads\/2020\/10\/IMG_20200919_161703-e1601828505806.jpg","jetpack_shortlink":"https:\/\/wp.me\/paxaf4-kd","jetpack_sharing_enabled":true,"_links":{"self":[{"href":"https:\/\/iska-marina.fr\/index.php\/wp-json\/wp\/v2\/posts\/1253"}],"collection":[{"href":"https:\/\/iska-marina.fr\/index.php\/wp-json\/wp\/v2\/posts"}],"about":[{"href":"https:\/\/iska-marina.fr\/index.php\/wp-json\/wp\/v2\/types\/post"}],"author":[{"embeddable":true,"href":"https:\/\/iska-marina.fr\/index.php\/wp-json\/wp\/v2\/users\/1"}],"replies":[{"embeddable":true,"href":"https:\/\/iska-marina.fr\/index.php\/wp-json\/wp\/v2\/comments?post=1253"}],"version-history":[{"count":0,"href":"https:\/\/iska-marina.fr\/index.php\/wp-json\/wp\/v2\/posts\/1253\/revisions"}],"wp:featuredmedia":[{"embeddable":true,"href":"https:\/\/iska-marina.fr\/index.php\/wp-json\/wp\/v2\/media\/1269"}],"wp:attachment":[{"href":"https:\/\/iska-marina.fr\/index.php\/wp-json\/wp\/v2\/media?parent=1253"}],"wp:term":[{"taxonomy":"category","embeddable":true,"href":"https:\/\/iska-marina.fr\/index.php\/wp-json\/wp\/v2\/categories?post=1253"},{"taxonomy":"post_tag","embeddable":true,"href":"https:\/\/iska-marina.fr\/index.php\/wp-json\/wp\/v2\/tags?post=1253"}],"curies":[{"name":"wp","href":"https:\/\/api.w.org\/{rel}","templated":true}]}}