{"id":1876,"date":"2023-11-11T11:27:56","date_gmt":"2023-11-11T10:27:56","guid":{"rendered":"https:\/\/iska-marina.fr\/?p=1876"},"modified":"2023-11-11T11:28:18","modified_gmt":"2023-11-11T10:28:18","slug":"fete-de-la-sainte-catherine-de-grignols","status":"publish","type":"post","link":"https:\/\/iska-marina.fr\/index.php\/2023\/11\/11\/fete-de-la-sainte-catherine-de-grignols\/","title":{"rendered":"F\u00eate de la Sainte Catherine de Grignols"},"content":{"rendered":"\n<p class=\"has-text-align-justify\">Oy\u00e9 ! Oy\u00e9 !<\/p>\n\n\n\n<p class=\"has-text-align-justify\">Comme l&rsquo;an pass\u00e9, nous serons \u00e0 Grignols pour la f\u00eate de la Sainte Catherine pour vous r\u00e9galer avec un peu de notre viande bio.<\/p>\n\n\n\n<p class=\"has-text-align-justify\">Il y aura de nombreuses animations, un vide grenier, des artisans et producteurs locaux, et bien s\u00fbr des ventes d&rsquo;arbres (\u00e0 r\u00e9server!), etc.<\/p>\n\n\n\n<iframe loading=\"lazy\" src=\"https:\/\/www.facebook.com\/plugins\/post.php?href=https%3A%2F%2Fwww.facebook.com%2Fphoto%2F%3Ffbid%3D336990902344338%26set%3Da.158914046818692&#038;show_text=true&#038;width=500\" width=\"500\" height=\"297\" style=\"border:none;overflow:hidden\" scrolling=\"no\" frameborder=\"0\" allowfullscreen=\"true\" allow=\"autoplay; clipboard-write; encrypted-media; picture-in-picture; web-share\"><\/iframe>\n\n\n\n<p class=\"has-text-align-justify\">Plus d&rsquo;informations sur la page de l&rsquo;Asso des Commer\u00e7ants et Artisans du Grignolais &#8211; ACAG : <a href=\"https:\/\/www.facebook.com\/ACAGrignols\" target=\"_blank\" rel=\"noreferrer noopener\">https:\/\/www.facebook.com\/ACAGrignols<\/a><\/p>\n\n\n\n<p>Venez nombreux, \u00e0 bient\u00f4t, Iska &amp; Marina.<\/p>\n\n\n<div class=\"wp-block-image\">\n<figure class=\"aligncenter size-large is-resized\"><img loading=\"lazy\" decoding=\"async\" width=\"1024\" height=\"885\" data-attachment-id=\"1841\" data-permalink=\"https:\/\/iska-marina.fr\/index.php\/2023\/06\/26\/marches-gourmands-antagnac-et-grignols\/img_20220715_192459\/\" data-orig-file=\"https:\/\/iska-marina.fr\/wp-content\/uploads\/2023\/06\/IMG_20220715_192459-e1687771436741.jpg\" data-orig-size=\"1171,1012\" data-comments-opened=\"1\" data-image-meta=\"{&quot;aperture&quot;:&quot;2&quot;,&quot;credit&quot;:&quot;&quot;,&quot;camera&quot;:&quot;ASUS_X00TD&quot;,&quot;caption&quot;:&quot;&quot;,&quot;created_timestamp&quot;:&quot;1657913099&quot;,&quot;copyright&quot;:&quot;&quot;,&quot;focal_length&quot;:&quot;3.52&quot;,&quot;iso&quot;:&quot;100&quot;,&quot;shutter_speed&quot;:&quot;0.0056818181818182&quot;,&quot;title&quot;:&quot;&quot;,&quot;orientation&quot;:&quot;1&quot;}\" data-image-title=\"IMG_20220715_192459\" data-image-description=\"\" data-image-caption=\"\" data-medium-file=\"https:\/\/iska-marina.fr\/wp-content\/uploads\/2023\/06\/IMG_20220715_192459-e1687771436741-300x259.jpg\" data-large-file=\"https:\/\/iska-marina.fr\/wp-content\/uploads\/2023\/06\/IMG_20220715_192459-e1687771436741-1024x885.jpg\" src=\"https:\/\/iska-marina.fr\/wp-content\/uploads\/2023\/06\/IMG_20220715_192459-e1687771436741-1024x885.jpg\" alt=\"\" class=\"wp-image-1841\" style=\"width:545px;height:auto\" srcset=\"https:\/\/iska-marina.fr\/wp-content\/uploads\/2023\/06\/IMG_20220715_192459-e1687771436741-1024x885.jpg 1024w, https:\/\/iska-marina.fr\/wp-content\/uploads\/2023\/06\/IMG_20220715_192459-e1687771436741-300x259.jpg 300w, https:\/\/iska-marina.fr\/wp-content\/uploads\/2023\/06\/IMG_20220715_192459-e1687771436741-768x664.jpg 768w, https:\/\/iska-marina.fr\/wp-content\/uploads\/2023\/06\/IMG_20220715_192459-e1687771436741.jpg 1171w\" sizes=\"(max-width: 1024px) 100vw, 1024px\" \/><\/figure><\/div>","protected":false},"excerpt":{"rendered":"<p>Oy\u00e9 ! Oy\u00e9 ! Comme l&rsquo;an pass\u00e9, nous serons \u00e0 Grignols pour la f\u00eate de la Sainte Catherine pour vous r\u00e9galer avec un peu de notre viande bio. Il y aura de nombreuses animations, un vide grenier, des artisans et producteurs locaux, et bien s\u00fbr des ventes d&rsquo;arbres (\u00e0 r\u00e9server!), etc. Plus d&rsquo;informations sur la&hellip; <br \/> <a class=\"read-more\" href=\"https:\/\/iska-marina.fr\/index.php\/2023\/11\/11\/fete-de-la-sainte-catherine-de-grignols\/\">Lire la suite<\/a><\/p>\n","protected":false},"author":1,"featured_media":1877,"comment_status":"open","ping_status":"open","sticky":false,"template":"","format":"standard","meta":{"_exactmetrics_skip_tracking":false,"_exactmetrics_sitenote_active":false,"_exactmetrics_sitenote_note":"","_exactmetrics_sitenote_category":0,"jetpack_post_was_ever_published":false,"_jetpack_newsletter_access":"","_jetpack_dont_email_post_to_subs":false,"_jetpack_newsletter_tier_id":0,"_jetpack_memberships_contains_paywalled_content":false,"_jetpack_memberships_contains_paid_content":false,"footnotes":""},"categories":[3],"tags":[],"class_list":["post-1876","post","type-post","status-publish","format-standard","has-post-thumbnail","hentry","category-evenements"],"jetpack_featured_media_url":"https:\/\/iska-marina.fr\/wp-content\/uploads\/2023\/11\/392755305_336990899011005_5800921174296551983_n.png","jetpack_shortlink":"https:\/\/wp.me\/paxaf4-ug","jetpack_sharing_enabled":true,"_links":{"self":[{"href":"https:\/\/iska-marina.fr\/index.php\/wp-json\/wp\/v2\/posts\/1876"}],"collection":[{"href":"https:\/\/iska-marina.fr\/index.php\/wp-json\/wp\/v2\/posts"}],"about":[{"href":"https:\/\/iska-marina.fr\/index.php\/wp-json\/wp\/v2\/types\/post"}],"author":[{"embeddable":true,"href":"https:\/\/iska-marina.fr\/index.php\/wp-json\/wp\/v2\/users\/1"}],"replies":[{"embeddable":true,"href":"https:\/\/iska-marina.fr\/index.php\/wp-json\/wp\/v2\/comments?post=1876"}],"version-history":[{"count":4,"href":"https:\/\/iska-marina.fr\/index.php\/wp-json\/wp\/v2\/posts\/1876\/revisions"}],"predecessor-version":[{"id":1881,"href":"https:\/\/iska-marina.fr\/index.php\/wp-json\/wp\/v2\/posts\/1876\/revisions\/1881"}],"wp:featuredmedia":[{"embeddable":true,"href":"https:\/\/iska-marina.fr\/index.php\/wp-json\/wp\/v2\/media\/1877"}],"wp:attachment":[{"href":"https:\/\/iska-marina.fr\/index.php\/wp-json\/wp\/v2\/media?parent=1876"}],"wp:term":[{"taxonomy":"category","embeddable":true,"href":"https:\/\/iska-marina.fr\/index.php\/wp-json\/wp\/v2\/categories?post=1876"},{"taxonomy":"post_tag","embeddable":true,"href":"https:\/\/iska-marina.fr\/index.php\/wp-json\/wp\/v2\/tags?post=1876"}],"curies":[{"name":"wp","href":"https:\/\/api.w.org\/{rel}","templated":true}]}}